{"id":7691,"date":"2013-06-25T09:53:17","date_gmt":"2013-06-25T09:53:17","guid":{"rendered":"http:\/\/museo.inf.upv.es\/?p=674"},"modified":"2021-05-26T18:22:56","modified_gmt":"2021-05-26T18:22:56","slug":"ii-jornada-bits-en-femenino","status":"publish","type":"post","link":"https:\/\/museoupdating.webs.upv.es\/va\/blog\/2013\/06\/25\/ii-jornada-bits-en-femenino\/","title":{"rendered":"II Jornada Bits en femen\u00ed"},"content":{"rendered":"<p><img loading=\"lazy\" decoding=\"async\" class=\"alignnone size-full wp-image-7694\" src=\"https:\/\/museoupdating.webs.upv.es\/wp-content\/uploads\/2013\/06\/Bits-en-Femenino-II-1-1.jpg\" alt=\"\" width=\"2560\" height=\"1920\" srcset=\"https:\/\/museoupdating.webs.upv.es\/wp-content\/uploads\/2013\/06\/Bits-en-Femenino-II-1-1.jpg 2560w, https:\/\/museoupdating.webs.upv.es\/wp-content\/uploads\/2013\/06\/Bits-en-Femenino-II-1-1-300x225.jpg 300w, https:\/\/museoupdating.webs.upv.es\/wp-content\/uploads\/2013\/06\/Bits-en-Femenino-II-1-1-1024x768.jpg 1024w, https:\/\/museoupdating.webs.upv.es\/wp-content\/uploads\/2013\/06\/Bits-en-Femenino-II-1-1-768x576.jpg 768w, https:\/\/museoupdating.webs.upv.es\/wp-content\/uploads\/2013\/06\/Bits-en-Femenino-II-1-1-1536x1152.jpg 1536w, https:\/\/museoupdating.webs.upv.es\/wp-content\/uploads\/2013\/06\/Bits-en-Femenino-II-1-1-2048x1536.jpg 2048w\" sizes=\"auto, (max-width: 2560px) 100vw, 2560px\" \/><\/p>\n<p><\/p>\n<p style=\"text-align: justify;\">Prop d&#8217;un centenar de persones se sumaren, el divendres passat, a la II Edici\u00f3 de la Jornada &#8220;<strong>Bits en Femen\u00ed. Dones en l&#8217;Enginyeria Inform\u00e0tica<\/strong>&#8220;, en qu\u00e8 participaren alumnes de l&#8217;Escola, professionals de diferents \u00e0mbits vinculades amb l&#8217;Enginyeria Inform\u00e0tica, professorat i alumnes d&#8217;ESO, aix\u00ed com el professorat de l&#8217;ETSINF.<\/p>\n<p style=\"text-align: justify;\">En la primera part de la Jornada, el director de l&#8217;<span class=\"hiddenSpellError\">ETSINF<\/span>, <strong><span class=\"hiddenSpellError\">Eduardo<\/span> Vendrell<\/strong>, va contextualitzar el motiu i els objectius d&#8217;aquest encontre, que pret\u00e9n consolidar-se a l&#8217;Escola any rere any i ser el germen d&#8217;un encontre de professionals del sector.<\/p>\n<p style=\"text-align: justify;\">Despr\u00e9s, el director del <strong><a href=\"https:\/\/museoupdating.webs.upv.es\/\">Museu d&#8217;Inform\u00e0tica<\/a><\/strong>, <strong>Xavier Molero<\/strong>, acompanyat per <strong>quatre alumnes del centre<\/strong>, descriviren el paper de diferents dones en la hist\u00f2ria de la inform\u00e0tica, concretament el paper d&#8217;<strong>Ada Byron<\/strong>, de <strong>les programadores de l&#8217;ENIAC<\/strong>, d&#8217;<strong>Anita Borg<\/strong>,\u00a0<strong>Rosa Peter<\/strong>, <strong>Frances Allen<\/strong>, <strong>Carol Shaw<\/strong> o <strong>Felisa Verdejo<\/strong>, entre altres.<\/p>\n<p>Aquest \u00e9s el v\u00eddeo de la primera sessi\u00f3: \u00a0Posteriorment, una part dels assistents va realitzar una visita guiada pel Museu, mentre un grup d&#8217;alumnes i professionals debateren sobre el present i el futur de l&#8217;activitat com a enginyeres inform\u00e0tiques; les pautes per a la cerca de treball; les pr\u00e0ctiques en organitzacions; els perfils m\u00e9s demandats i les tem\u00e0tiques que les dones en actiu traslladaren a les alumnes, gr\u00e0cies a les seues preguntes i respostes.<\/p>\n<p>Entre les assistents a l&#8217;agenda de treball van haver-hi representants de la <strong>Confederaci\u00f3 Hidrogr\u00e0fica del X\u00faquer<\/strong>; la multinacional <strong><a href=\"http:\/\/www.edicomgroup.com\/es_ES\/prehome.html\"><span class=\"hiddenSpellError\">Edicom<\/span><\/a><\/strong>; la start-up <strong><a href=\"http:\/\/bitsnbrains.net\/es\/\"><span class=\"hiddenSpellError\">Bitsnbrains<\/span><\/a><\/strong>; les <strong>Corts Valencianes<\/strong> i la <strong>Conselleria de Sanitat<\/strong>. Posteriorment, van intervenir <strong>Marta Rivas<\/strong>, directora de solucions i vendes d&#8217;<strong>IBM<\/strong> en Espanya, i <strong>Blanca G\u00f3mez<\/strong>, directora de Recursos humans de <strong>Microsoft Ib\u00e8rica<\/strong>.<\/p>\n<p><iframe loading=\"lazy\" title=\"Bitsenfemenino\" width=\"720\" height=\"405\" src=\"https:\/\/www.youtube.com\/embed\/DLG5L0yBOHE?feature=oembed\" frameborder=\"0\" allow=\"accelerometer; autoplay; clipboard-write; encrypted-media; gyroscope; picture-in-picture\" allowfullscreen><\/iframe><\/p>\n<p style=\"text-align: left;\">Pots accedir ac\u00ed a les confer\u00e8ncies de les representants d&#8217;IBM i Microsoft:<\/p>\n<p><iframe loading=\"lazy\" title=\"#bitsenfemenino Conferencia Blanca G\u00f3mez y Marta Rivas\" width=\"720\" height=\"405\" src=\"https:\/\/www.youtube.com\/embed\/1fbRPTqAiOw?feature=oembed\" frameborder=\"0\" allow=\"accelerometer; autoplay; clipboard-write; encrypted-media; gyroscope; picture-in-picture\" allowfullscreen><\/iframe><\/p>\n<p style=\"text-align: left;\">Podr\u00e0s trobar m\u00e9s informaci\u00f3 sobre la Jornada als mitjans de la UPV ac\u00ed:\u00a0<a href=\"http:\/\/www.upv.es\/noticias-upv\/noticia-5782-bits-en-femenin-va.html\" target=\"_blank\" rel=\"noopener\"><strong>http:\/\/www.upv.es\/noticias-upv\/noticia-5782-bits-en-femenin-va.html<\/strong><\/a><\/p>\n<p><\/p>","protected":false},"excerpt":{"rendered":"<p>Prop d&#8217;un centenar de persones se sumaren, el divendres passat, a la II Edici\u00f3 de la Jornada &#8220;Bits en Femen\u00ed. Dones en l&#8217;Enginyeria Inform\u00e0tica&#8220;, en qu\u00e8 participaren alumnes de l&#8217;Escola, professionals de diferents \u00e0mbits vinculades amb l&#8217;Enginyeria Inform\u00e0tica, professorat i alumnes d&#8217;ESO, aix\u00ed com el professorat de l&#8217;ETSINF. En la primera part de la Jornada, [&hellip;]<\/p>\n","protected":false},"author":2,"featured_media":0,"comment_status":"closed","ping_status":"closed","sticky":false,"template":"","format":"standard","meta":{"inline_featured_image":false,"_monsterinsights_skip_tracking":false,"_monsterinsights_sitenote_active":false,"_monsterinsights_sitenote_note":"","_monsterinsights_sitenote_category":0,"footnotes":""},"categories":[43],"tags":[],"class_list":["post-7691","post","type-post","status-publish","format-standard","hentry","category-noticias"],"_links":{"self":[{"href":"https:\/\/museoupdating.webs.upv.es\/va\/wp-json\/wp\/v2\/posts\/7691","targetHints":{"allow":["GET"]}}],"collection":[{"href":"https:\/\/museoupdating.webs.upv.es\/va\/wp-json\/wp\/v2\/posts"}],"about":[{"href":"https:\/\/museoupdating.webs.upv.es\/va\/wp-json\/wp\/v2\/types\/post"}],"author":[{"embeddable":true,"href":"https:\/\/museoupdating.webs.upv.es\/va\/wp-json\/wp\/v2\/users\/2"}],"replies":[{"embeddable":true,"href":"https:\/\/museoupdating.webs.upv.es\/va\/wp-json\/wp\/v2\/comments?post=7691"}],"version-history":[{"count":3,"href":"https:\/\/museoupdating.webs.upv.es\/va\/wp-json\/wp\/v2\/posts\/7691\/revisions"}],"predecessor-version":[{"id":7696,"href":"https:\/\/museoupdating.webs.upv.es\/va\/wp-json\/wp\/v2\/posts\/7691\/revisions\/7696"}],"wp:attachment":[{"href":"https:\/\/museoupdating.webs.upv.es\/va\/wp-json\/wp\/v2\/media?parent=7691"}],"wp:term":[{"taxonomy":"category","embeddable":true,"href":"https:\/\/museoupdating.webs.upv.es\/va\/wp-json\/wp\/v2\/categories?post=7691"},{"taxonomy":"post_tag","embeddable":true,"href":"https:\/\/museoupdating.webs.upv.es\/va\/wp-json\/wp\/v2\/tags?post=7691"}],"curies":[{"name":"wp","href":"https:\/\/api.w.org\/{rel}","templated":true}]}}